{"id":355,"date":"2023-06-26T22:55:17","date_gmt":"2023-06-26T22:55:17","guid":{"rendered":"https:\/\/www.b-klarinette.de\/johann-christoph-denner"},"modified":"2024-10-21T21:14:36","modified_gmt":"2024-10-21T19:14:36","slug":"johann-christoph-denner","status":"publish","type":"post","link":"https:\/\/www.b-klarinette.de\/index.php\/fachbeitraege\/johann-c-denner.html","title":{"rendered":"Johann Christoph Denner"},"content":{"rendered":"\n<figure class=\"wp-block-audio\"><audio controls src=\"https:\/\/www.b-klarinette.de\/wp-content\/uploads\/2023\/06\/denner-bio.mp3\"><\/audio><\/figure>\n\n\n\n<p class=\"has-text-align-left\" style=\"font-size:10px\"><strong><span id=\"0\">von Steffen Liers<\/span><\/strong><\/p>\n\n\n\n<p class=\"has-text-align-left\"><strong><span id=\"0\"><\/span><\/strong><\/p>\n\n\n\n<figure class=\"wp-block-image is-resized\"><img loading=\"lazy\" decoding=\"async\" width=\"500\" height=\"485\" src=\"https:\/\/www.b-klarinette.de\/wp-content\/uploads\/2023\/06\/j-c-denner.jpg\" alt=\"Johann Christoph Denner\" class=\"wp-image-353\" style=\"width:330px;height:auto\" title=\"Johann Christoph Denner\" srcset=\"https:\/\/www.b-klarinette.de\/wp-content\/uploads\/2023\/06\/j-c-denner.jpg 500w, https:\/\/www.b-klarinette.de\/wp-content\/uploads\/2023\/06\/j-c-denner-300x291.jpg 300w\" sizes=\"auto, (max-width: 500px) 100vw, 500px\" \/><\/figure>\n\n\n\n<p class=\"has-text-align-left\">Johann Christoph Denner (*13. August 1655 in Leipzig; \u2020 20. April 1707 in N\u00fcrnberg) gilt als der Erfinder der Klarinette, einem Musikinstrument, das eine wichtige Rolle in vielen klassischen Orchestern und Ensembles spielt.<\/p>\n\n\n\n<p>Denner wurde am 13. August 1655 als \u00e4ltester Sohn von Heinrich Denner in Leipzig, Deutschland, geboren und verbrachte den Gro\u00dfteil seines Lebens in N\u00fcrnberg. Er stammte aus einer Familie von Instrumentenbauern und lernte in jungen Jahren bereits in der Werkstatt seines Vaters, Heinrich, der die T\u00e4tigkeit eines Wildruf- und Horndrehers aus\u00fcbte. Hier lernte Christoph die <a href=\"https:\/\/www.b-klarinette.de\/index.php\/grundlagen\/grundlagen.html\">Grundlagen<\/a> f\u00fcr den Bau von Holzblasinstrumenten.<\/p>\n\n\n\n<p>Johann Christoph Denner hatte einen 5 Jahre j\u00fcngeren Bruder, Johann Carl Denner, der sich ebenfalls mit dem Instrumentenbau besch\u00e4ftigte, jedoch lebenslang im Schatten seines gro\u00dfen Bruders Johann Christoph stand.<\/p>\n\n\n\n<p>Im Jahr 1680 zog Denner nach N\u00fcrnberg, einer Stadt, die zu dieser Zeit ein bedeutendes Zentrum des Musikinstrumentenbaus war.<\/p>\n\n\n\n<p>Obwohl es bereits Vorg\u00e4nger der Klarinette gab, wird Denner als der Erfinder des modernen Klarinettenkonzepts angesehen. Er experimentierte mit verschiedenen Materialien, Bohrungen und Klappenmechanismen, um den Klang und die Spielbarkeit der Klarinette zu verbessern. Ein wesentliches Merkmal von Denners Klarinette war die Einf\u00fchrung der sogenannten \u201e\u00dcberblasklappe\u201c oder auch \u201eDuodezimklappe\u201c genannt. Durch diese im oberen Teil der Klarinette befindliche Mechanik, konnte der Spieler den Tonumfang des Instruments erheblich erweitern.<\/p>\n\n\n\n<p>Ein kleines, durch eine Klappe verschlie\u00dfbares Tonloch, das durch die Teilung der Lufts\u00e4ule im Instrument tiefere, sowie h\u00f6herer T\u00f6ne erm\u00f6glichte. Wird bei einem zylindrischen Rohr ein solches Tonloch ge\u00f6ffnet, springen die so erzeugten h\u00f6heren T\u00f6ne in eine Oktave und eine Quinte (lateinisch Duodezime). \u00d6ffnet man dieses Tonloch (hier wird es Oktavklappe genannt) in einem konischen Rohr, wie z. B. beim Saxophon oder der Oboe, entsprechen die erzeugten oberen T\u00f6ne einer Oktave. Dies ist der Hauptunterschied zwischen der Akustik bzw. Tonerzeugung der Klarinette, der Oboe und des Saxophons.<\/p>\n\n\n\n<p>Eine weitere Entwicklung Denners war das mit einer Metallh\u00fclse versehene Tonloch, auf der Unterseite des Oberst\u00fccks, das mit dem linken Daumen bet\u00e4tigt wird. Sie verhindert das Eindringen von Kondenswasser in das Daumenloch und die Ansammlung von Feuchtigkeit im Instrument.<\/p>\n\n\n\n<p>Johann Christoph Denner gilt nicht nur als Erfinder der Klarinette, sondern auch des Rackettfagotts (auch Stockfagott genannt). Als ihm 1696 das Meisterrecht verliehen wurde, geh\u00f6rte er ab diesem Zeitpunkt zu den ehrbaren B\u00fcrgern der Reichsstadt N\u00fcrnberg.<\/p>\n\n\n\n<p>Obwohl Johann Christoph Denner haupts\u00e4chlich f\u00fcr seine Arbeit an der Klarinette bekannt ist, war er auch ein erfahrener Instrumentenbauer f\u00fcr andere Holzblasinstrumente wie Fl\u00f6ten und Oboen. Sein umfassendes Wissen und sein Streben nach Perfektion beeinflussten auch andere Manufakturen seiner Zeit und trugen zur Weiterentwicklung der gesamten Holzblasinstrumentenfamilie bei. Die damaligen Instrumente bestanden \u00fcberwiegend aus Buchsbaum, einem klassischen Holzblasinstrumentenmaterial der Renaissance und des Barock.<\/p>\n\n\n\n<p>Johann Christoph Denners Instrumente, tragen meistens die Signatur \u201eI. C. Denner\u201c in einem wehenden Wimpel (siehe Foto).<\/p>\n\n\n\n<figure class=\"wp-block-image\"><img loading=\"lazy\" decoding=\"async\" width=\"324\" height=\"777\" src=\"https:\/\/www.b-klarinette.de\/wp-content\/uploads\/2023\/06\/denner-klarinette.jpg\" alt=\"Denner Klarinette, Nachbau mit Initialen  J C Denner\" class=\"wp-image-354\" title=\"Denner Klarinette\" srcset=\"https:\/\/www.b-klarinette.de\/wp-content\/uploads\/2023\/06\/denner-klarinette.jpg 324w, https:\/\/www.b-klarinette.de\/wp-content\/uploads\/2023\/06\/denner-klarinette-125x300.jpg 125w\" sizes=\"auto, (max-width: 324px) 100vw, 324px\" \/><\/figure>\n\n\n\n<p class=\"has-text-align-left\"><\/p>\n\n\n\n<p>Als Denner am 20. April 1707 in N\u00fcrnberg starb, hinterlie\u00df er eine Instrumentenfabrik, die unter seinem Sohn, Jacob Denner (lebte von 1681\u20131735), erfolgreich weitergef\u00fchrt wurde.\u00a0 Jacob befasste sich vor allem mit der Anfertigung von Fl\u00f6ten und Weiterentwicklungen der beliebten Barockoboe.<\/p>\n\n\n\n<p><img loading=\"lazy\" decoding=\"async\" src=\"https:\/\/vg08.met.vgwort.de\/na\/b1d7e8bd21564b7197a8c42f9cb3766e\" alt=\"\" width=\"1\" height=\"1\" \/><\/p>\n","protected":false},"excerpt":{"rendered":"<p>von Steffen Liers Johann Christoph Denner (*13. August 1655 in Leipzig; \u2020 20. April 1707 in N\u00fcrnberg) gilt als der Erfinder der Klarinette, einem Musikinstrument, das eine wichtige Rolle in vielen klassischen Orchestern und Ensembles spielt. Denner wurde am 13. August 1655 als \u00e4ltester Sohn von Heinrich Denner in Leipzig, Deutschland, geboren und verbrachte den &hellip; <a href=\"https:\/\/www.b-klarinette.de\/index.php\/fachbeitraege\/johann-c-denner.html\" class=\"more-link\"><span class=\"screen-reader-text\">Johann Christoph Denner<\/span> weiterlesen<\/a><\/p>\n","protected":false},"author":1,"featured_media":0,"comment_status":"closed","ping_status":"closed","sticky":false,"template":"","format":"standard","meta":{"_sitemap_exclude":false,"_sitemap_priority":"","_sitemap_frequency":"","footnotes":""},"categories":[6],"tags":[],"class_list":["post-355","post","type-post","status-publish","format-standard","hentry","category-fachbeitraege"],"_links":{"self":[{"href":"https:\/\/www.b-klarinette.de\/index.php\/wp-json\/wp\/v2\/posts\/355","targetHints":{"allow":["GET"]}}],"collection":[{"href":"https:\/\/www.b-klarinette.de\/index.php\/wp-json\/wp\/v2\/posts"}],"about":[{"href":"https:\/\/www.b-klarinette.de\/index.php\/wp-json\/wp\/v2\/types\/post"}],"author":[{"embeddable":true,"href":"https:\/\/www.b-klarinette.de\/index.php\/wp-json\/wp\/v2\/users\/1"}],"replies":[{"embeddable":true,"href":"https:\/\/www.b-klarinette.de\/index.php\/wp-json\/wp\/v2\/comments?post=355"}],"version-history":[{"count":2,"href":"https:\/\/www.b-klarinette.de\/index.php\/wp-json\/wp\/v2\/posts\/355\/revisions"}],"predecessor-version":[{"id":2442,"href":"https:\/\/www.b-klarinette.de\/index.php\/wp-json\/wp\/v2\/posts\/355\/revisions\/2442"}],"wp:attachment":[{"href":"https:\/\/www.b-klarinette.de\/index.php\/wp-json\/wp\/v2\/media?parent=355"}],"wp:term":[{"taxonomy":"category","embeddable":true,"href":"https:\/\/www.b-klarinette.de\/index.php\/wp-json\/wp\/v2\/categories?post=355"},{"taxonomy":"post_tag","embeddable":true,"href":"https:\/\/www.b-klarinette.de\/index.php\/wp-json\/wp\/v2\/tags?post=355"}],"curies":[{"name":"wp","href":"https:\/\/api.w.org\/{rel}","templated":true}]}}