{"id":273,"date":"2023-05-15T09:56:04","date_gmt":"2023-05-15T09:56:04","guid":{"rendered":"https:\/\/www.b-klarinette.de\/welches-mundstueck"},"modified":"2024-10-16T14:14:37","modified_gmt":"2024-10-16T12:14:37","slug":"welches-mundstueck","status":"publish","type":"post","link":"https:\/\/www.b-klarinette.de\/index.php\/grundlagen\/welches-mundstueck.html","title":{"rendered":"Welches Mundst\u00fcck"},"content":{"rendered":"\n<figure class=\"wp-block-audio\"><audio controls src=\"https:\/\/www.b-klarinette.de\/wp-content\/uploads\/2023\/05\/welches-mundstueck.mp3\"><\/audio><\/figure>\n\n\n\n<p class=\"has-text-align-left\" style=\"font-size:10px\"><strong><span id=\"0\"> von Steffen Liers<\/span><\/strong><\/p>\n\n\n\n<p class=\"has-text-align-left\">Welche Mundst\u00fccke spiele ich selbst?<\/p>\n\n\n\n<p>Immer wieder werde ich gefragt, welche Mundst\u00fccke ich selbst favorisiere.<\/p>\n\n\n\n<p>Vorweg, die Wahl des richtigen Mundst\u00fccks ist eine sehr individuelle Entscheidung. Sie h\u00e4ngt vom jeweiligen K\u00f6nnen, anatomischen Gegebenheiten (z. B. Lippenform, <a href=\"https:\/\/www.b-klarinette.de\/index.php\/grundlagen\/ansatz.html\">Ansatz<\/a> usw.), der richtigen <a href=\"https:\/\/www.b-klarinette.de\/index.php\/grundlagen\/atmung.html\">Atmung<\/a> (bei Klarinettisten Zwerchfellatmung) sowie auch der Klarinette selbst ab (Gr\u00f6\u00dfe der Innenbohrung).<\/p>\n\n\n\n<p>Habe ich mich f\u00fcr eines entschieden, dann versuche ich auch dabei zu bleiben, damit sich mein Ansatz daran gew\u00f6hnt, was einige Wochen dauern kann. Wer noch wenig Erfahrung hat, sollte erst einmal das Original-Mundst\u00fcck des Klarinetten-Herstellers nutzen. Hier kann nicht viel verkehrt gemacht werden, da es extra f\u00fcr die jeweilige Klarinette angepasst wurde. Der Ton spricht in allen Lagen leicht an und die Intonation stimmt oftmals auch.<\/p>\n\n\n\n<p>Wer mehr bez\u00fcglich Tonsch\u00f6nheit, Intonation, Ansprache in allen Lagen erreichen will, dem empfehle ich auch einmal Ausschau nach anderen Mundst\u00fccken zu halten. Hier kann es in der Tat Verbesserungen, was Klang, Tonf\u00fclle und Intonation (besonders in hohen Lagen) betrifft, geben. Bei \u00e4lteren Instrumenten ist hier die Intonation zu beachten, da es Unterschiede zwischen der Innenbohrung der Klarinette und des Mundst\u00fccks geben kann, was die Intonation negativ beeinflusst.<\/p>\n\n\n\n<p>Hier mein Mundst\u00fccksfavorit (pers\u00f6nliche Empfehlung von Karl Leister), gespielt auf einer Herbert Wurlitzer 100c Solist (Baujahr 1981) und Yamaha 857 Serie II (Baujahr 2001):<\/p>\n\n\n\n<p class=\"has-text-align-left\">Vandoren M30 D <a href=\"https:\/\/ra.kirstein.de\/tc.php?t=154267C2261138815T&amp;deeplink=https%3A%2F%2Fwww.kirstein.de%2FMundstuecke-Holzblasinstrumente%2FVandoren-M30D-Mundstueck-B-Klarinette-deutsch.html\" target=\"_blank\" rel=\"noreferrer noopener\">Angebot bei Musikhaus Kirstein hier abfragen<\/a><\/p>\n\n\n\n<p>mit 56 Rue Lepic; St\u00e4rke 2,5\/ 3\/ 3,5<\/p>\n\n\n\n<p>oder<\/p>\n\n\n\n<p>Vandoren V12; St\u00e4rke 2,5\/ 3\/ 3,5 <a href=\"https:\/\/ra.kirstein.de\/tc.php?t=154267C2261138815T&amp;deeplink=https%3A%2F%2Fwww.kirstein.de%2FBlaetter%2FVandoren-V12-Bb-Klarinette-Blaetter-2-5-10er-Pack.html\" target=\"_blank\" rel=\"noreferrer noopener\">Angebot bei Musikhaus Kirstein hier abfragen<\/a><\/p>\n\n\n\n<p>evtl. auch<\/p>\n\n\n\n<p>Vandoren V21; St\u00e4rke 2,5\/ 3\/ 3,5<\/p>\n\n\n\n<p>Das Vandoren M30 D wurde in Anlehnung an Boehm-Mundst\u00fccke f\u00fcr die deutsche Klarinette entworfen. Es wird auch mit etwas breiteren Bl\u00e4ttern gespielt. Dadurch erh\u00e4lt der Ton mehr F\u00fclle und Ausdrucksst\u00e4rke.<\/p>\n\n\n\n<p>Grunds\u00e4tzlich gute Erfahrungen f\u00fcr Adler, Schreiber, Yamaha-Klarinetten hatte ich mit dem:<\/p>\n\n\n\n<p class=\"has-text-align-left\">Wurlitzer M3<\/p>\n\n\n\n<p class=\"has-text-align-left\">gemacht. Das ist ein Allrounder und vor allem f\u00fcr fortgeschrittene Klarinettisten empfehlenswert.<\/p>\n\n\n\n<p>Abschlie\u00dfend sei noch bemerkt, dass sich auch bei mir im Laufe der Jahre der Ansatz ver\u00e4ndert. Dadurch ist es empfehlenswert, hin u. wieder nach Mundst\u00fcck-Alternativen Ausschau zu halten. Viel Erfolg beim Testen!<\/p>\n\n\n\n<p class=\"has-text-align-left\"><a title=\"H\u00f6rprobe Vandoren M30 D\" href=\"https:\/\/www.youtube.com\/watch?v=Y7T9YzYo-9Y\" target=\"_blank\" rel=\"noopener noreferrer\">Hier die H\u00f6rprobe<\/a>, die mit der Mundst\u00fcck-Blatt-Kombination: Vandoren M30 D, 56 Rue Lepic; St\u00e4rke 3.0, gespielt wurde<\/p>\n\n\n\n<p><img loading=\"lazy\" decoding=\"async\" src=\"https:\/\/vg09.met.vgwort.de\/na\/0458ee76c4a44ca9b36a08647521101d\" alt=\"\" width=\"1\" height=\"1\" \/><\/p>\n\n\n\n<p><\/p>\n","protected":false},"excerpt":{"rendered":"<p>von Steffen Liers Welche Mundst\u00fccke spiele ich selbst? Immer wieder werde ich gefragt, welche Mundst\u00fccke ich selbst favorisiere. Vorweg, die Wahl des richtigen Mundst\u00fccks ist eine sehr individuelle Entscheidung. Sie h\u00e4ngt vom jeweiligen K\u00f6nnen, anatomischen Gegebenheiten (z. B. Lippenform, Ansatz usw.), der richtigen Atmung (bei Klarinettisten Zwerchfellatmung) sowie auch der Klarinette selbst ab (Gr\u00f6\u00dfe der &hellip; <a href=\"https:\/\/www.b-klarinette.de\/index.php\/grundlagen\/welches-mundstueck.html\" class=\"more-link\"><span class=\"screen-reader-text\">Welches Mundst\u00fcck<\/span> weiterlesen<\/a><\/p>\n","protected":false},"author":1,"featured_media":0,"comment_status":"closed","ping_status":"closed","sticky":false,"template":"","format":"standard","meta":{"_sitemap_exclude":false,"_sitemap_priority":"","_sitemap_frequency":"","footnotes":""},"categories":[3],"tags":[],"class_list":["post-273","post","type-post","status-publish","format-standard","hentry","category-grundlagen"],"_links":{"self":[{"href":"https:\/\/www.b-klarinette.de\/index.php\/wp-json\/wp\/v2\/posts\/273","targetHints":{"allow":["GET"]}}],"collection":[{"href":"https:\/\/www.b-klarinette.de\/index.php\/wp-json\/wp\/v2\/posts"}],"about":[{"href":"https:\/\/www.b-klarinette.de\/index.php\/wp-json\/wp\/v2\/types\/post"}],"author":[{"embeddable":true,"href":"https:\/\/www.b-klarinette.de\/index.php\/wp-json\/wp\/v2\/users\/1"}],"replies":[{"embeddable":true,"href":"https:\/\/www.b-klarinette.de\/index.php\/wp-json\/wp\/v2\/comments?post=273"}],"version-history":[{"count":4,"href":"https:\/\/www.b-klarinette.de\/index.php\/wp-json\/wp\/v2\/posts\/273\/revisions"}],"predecessor-version":[{"id":2426,"href":"https:\/\/www.b-klarinette.de\/index.php\/wp-json\/wp\/v2\/posts\/273\/revisions\/2426"}],"wp:attachment":[{"href":"https:\/\/www.b-klarinette.de\/index.php\/wp-json\/wp\/v2\/media?parent=273"}],"wp:term":[{"taxonomy":"category","embeddable":true,"href":"https:\/\/www.b-klarinette.de\/index.php\/wp-json\/wp\/v2\/categories?post=273"},{"taxonomy":"post_tag","embeddable":true,"href":"https:\/\/www.b-klarinette.de\/index.php\/wp-json\/wp\/v2\/tags?post=273"}],"curies":[{"name":"wp","href":"https:\/\/api.w.org\/{rel}","templated":true}]}}